{"id":3777,"date":"2021-03-16T11:32:19","date_gmt":"2021-03-16T10:32:19","guid":{"rendered":"https:\/\/ticinoatavola.ch\/?p=3777"},"modified":"2024-06-04T12:10:41","modified_gmt":"2024-06-04T11:10:41","slug":"grotto-dell-ortiga","status":"publish","type":"post","link":"https:\/\/ticinoatavola.ch\/index.php\/2021\/03\/16\/grotto-dell-ortiga\/","title":{"rendered":"Grotto dell&#8217;Ortiga"},"content":{"rendered":"<div class=\"wpb-content-wrapper\"><p>[vc_row][vc_column][vc_column_text]Il Grotto dell\u2019Ortiga \u00e8 un locale ricavato da un complesso di stalle e fienili di met\u00e0 Ottocento situato nel cuore del bellissimo e suggestivo nucleo di Manno. \u00c8 composto da un ex fienile, da una lobbia e da un piccolo locale con camino dove il contadino svolgeva le sue attivit\u00e0 artigianali durante l&#8217;inverno. All&#8217;esterno si trova un cortile con pergolato a uva americana, con tavoli e panche per 40 persone.<br \/>\nI piatti proposti, confezionati con prodotti artigianali quando possibile Bio come le insalate e le verdure di contorno, provengono dalla memoria collettiva, fortemente influenzata dalle origini ticinesi dei proprietari Barbara e Antonio e toscane dello chef Paolo. Sono tutti fatti in casa, dagli antipasti ai dolci. Giornalmente vengono proposti risotti di stagione, arrosti, umidi, alla griglia, polenta e verdura di stagione come pure piatti vegetariani oltre a una buona scelta di antipasti, anche vegetariani e vegani. Scelta di formaggi, salumi, formaggi e vini curata personalmente dal proprietario.<br \/>\nAmpi parcheggi e un autosilo a 50 m.<\/p>\n<hr \/>\n<p>Der Grotto dell&#8217;Ortiga ist ein umgebauter Stall- und Scheunenkomplex aus der Mitte des 19. Jahrhunderts, der sich im Herzen des sch\u00f6nen und malerischen Dorfes Manno befindet. Es besteht aus einer ehemaligen Scheune, einer Lobby und einem kleinen Raum mit Kamin, in dem der Bauer im Winter seine Handwerksarbeiten ausf\u00fchrte. Drau\u00dfen befindet sich ein Hof mit einer amerikanischen Pergola aus Weintrauben, mit Tischen und B\u00e4nken f\u00fcr 40 Personen.<br \/>\nDie angebotenen Gerichte, die, wenn m\u00f6glich, mit handwerklichen Produkten zubereitet werden, entstammen dem kollektiven Ged\u00e4chtnis, das stark von der Tessiner Herkunft der Besitzer Barbara und Antonio und der toskanischen Herkunft des K\u00fcchenchefs Paolo gepr\u00e4gt ist. Sie sind alle hausgemacht, von den Vorspeisen bis zu den Desserts. T\u00e4glich werden Risotto, Braten, Eint\u00f6pfe, gegrilltes Fleisch, Polenta und Gem\u00fcse der Saison angeboten sowie eine gro\u00dfe Auswahl an Antipasti, darunter auch vegetarische und vegane Gerichte. Eine Auswahl an K\u00e4se, Wurst, K\u00e4se und Weinen, die vom Besitzer pers\u00f6nlich \u00fcberwacht wird.<br \/>\nAusreichend Parkpl\u00e4tze und ein Parkhaus in 50 m Entfernung.<\/p>\n<hr \/>\n<p>Le Grotto dell&#8217;Ortiga est un ensemble d&#8217;\u00e9tables et de granges converties datant du milieu du XIXe si\u00e8cle, situ\u00e9 au c\u0153ur du magnifique et pittoresque village de Manno. Elle se compose d&#8217;une ancienne grange, d&#8217;une lobbia et d&#8217;une petite pi\u00e8ce avec une chemin\u00e9e o\u00f9 l&#8217;agriculteur effectuait ses travaux d&#8217;artisanat pendant l&#8217;hiver. \u00c0 l&#8217;ext\u00e9rieur se trouve une cour avec une pergola de raisin am\u00e9ricain, avec des tables et des bancs pour 40 personnes.<br \/>\nLes plats propos\u00e9s, \u00e9labor\u00e9s avec des produits artisanaux lorsque c&#8217;est possible, comme les salades et les l\u00e9gumes d&#8217;accompagnement, sont issus de la m\u00e9moire collective, fortement influenc\u00e9e par les origines tessinoises des propri\u00e9taires Barbara et Antonio et par les origines toscanes du chef Paolo. Tous les plats sont faits maison, des entr\u00e9es aux desserts. Des risottos de saison, des r\u00f4tis, des rago\u00fbts, des viandes grill\u00e9es, de la polenta et des l\u00e9gumes de saison sont propos\u00e9s chaque jour, ainsi qu&#8217;un bon choix d&#8217;antipasti, y compris des plats v\u00e9g\u00e9tariens et v\u00e9g\u00e9taliens. Choix de fromages, de charcuteries, de fromages et de vins supervis\u00e9s personnellement par le propri\u00e9taire.<br \/>\nNombreuses places de stationnement et parking \u00e0 50 m.<\/p>\n<hr \/>\n<p>The Grotto dell&#8217;Ortiga is made out of a mid-nineteenth-century stable and barn complex located in the heart of the beautiful and picturesque nucleus of Manno. It consists of a former barn, a lobbia and a small room with a fireplace where the farmer carried out his craft activities during the winter. Outside is a courtyard with an American grape arbor, with tables and benches for 40 people.<br \/>\nThe dishes on offer, packed with artisanal products when possible Bio such as salads and side vegetables, come from the collective memory, strongly influenced by the Ticino origins of owners Barbara and Antonio and the Tuscan origins of chef Paolo. All are homemade, from appetizers to desserts. Seasonal risottos, roasts, stews, grilled, polenta and seasonal vegetables are offered daily as well as vegetarian dishes in addition to a good selection of appetizers, including vegetarian and vegan. Choice of cheeses, cured meats, cheeses and wines personally curated by the owner.<br \/>\nAmple parking and a parking garage 50 m away.[\/vc_column_text][\/vc_column][\/vc_row][vc_row][vc_column][vc_gmaps link=&#8221;#E-8_JTNDaWZyYW1lJTIwc3JjJTNEJTIyaHR0cHMlM0ElMkYlMkZ3d3cuZ29vZ2xlLmNvbSUyRm1hcHMlMkZlbWJlZCUzRnBiJTNEJTIxMW0xOCUyMTFtMTIlMjExbTMlMjExZDI3NjkuODA0Mzg1OTQ2Nzc3JTIxMmQ4LjkxNjQ4MDIxNTgyNTY2NSUyMTNkNDYuMDM1MDUxNTc5MTExODMlMjEybTMlMjExZjAlMjEyZjAlMjEzZjAlMjEzbTIlMjExaTEwMjQlMjEyaTc2OCUyMTRmMTMuMSUyMTNtMyUyMTFtMiUyMTFzMHg0Nzg0MzJjMDQ0MGZlOTk5JTI1M0EweGI2ZWUxMjdlZjZjNGUyNGElMjEyc0dyb3R0byUyNTIwZGVsbCUyNiUyMzM5JTNCT3J0aWdhJTIxNWUwJTIxM20yJTIxMXNpdCUyMTJzY2glMjE0djE2MTc3OTgxOTk4OTUlMjE1bTIlMjExc2l0JTIxMnNjaCUyMiUyMHdpZHRoJTNEJTIyNjAwJTIyJTIwaGVpZ2h0JTNEJTIyNDUwJTIyJTIwc3R5bGUlM0QlMjJib3JkZXIlM0EwJTNCJTIyJTIwYWxsb3dmdWxsc2NyZWVuJTNEJTIyJTIyJTIwbG9hZGluZyUzRCUyMmxhenklMjIlM0UlM0MlMkZpZnJhbWUlM0U=&#8221;][\/vc_column][\/vc_row][vc_row][vc_column][vc_column_text]Strada Regina 35<br \/>\n6928 Manno<br \/>\n<a href=\"http:\/\/www.ortiga.ch\/ita\/\">www.ortiga.ch<\/a><br \/>\n<a href=\"tel:+41916051613\">+41916051613<\/a><br \/>\n<a href=\"mailto:ortiga@bluewin.ch\">ortiga@bluewin.ch\u00a0<\/a>[\/vc_column_text][\/vc_column][\/vc_row]<\/p>\n<\/div>","protected":false},"excerpt":{"rendered":"<p>[vc_row][vc_column][vc_column_text]Il Grotto dell\u2019Ortiga \u00e8 un locale ricavato da un complesso di stalle e fienili di met\u00e0 Ottocento situato nel cuore del bellissimo e suggestivo nucleo di Manno. \u00c8 composto da un ex fienile, da una lobbia e da un piccolo&#8230;<\/p>\n","protected":false},"author":3,"featured_media":5575,"comment_status":"closed","ping_status":"closed","sticky":false,"template":"","format":"gallery","meta":{"inline_featured_image":false,"footnotes":""},"categories":[3,6,7,34],"tags":[51],"class_list":{"0":"post-3777","1":"post","2":"type-post","3":"status-publish","4":"format-gallery","5":"has-post-thumbnail","7":"category-fatto-in-casa","8":"category-grotti","9":"category-luganese-e-valli","10":"category-ticino-a-tavola","11":"tag-ristoranti","12":"post_format-post-format-gallery"},"_links":{"self":[{"href":"https:\/\/ticinoatavola.ch\/index.php\/wp-json\/wp\/v2\/posts\/3777","targetHints":{"allow":["GET"]}}],"collection":[{"href":"https:\/\/ticinoatavola.ch\/index.php\/wp-json\/wp\/v2\/posts"}],"about":[{"href":"https:\/\/ticinoatavola.ch\/index.php\/wp-json\/wp\/v2\/types\/post"}],"author":[{"embeddable":true,"href":"https:\/\/ticinoatavola.ch\/index.php\/wp-json\/wp\/v2\/users\/3"}],"replies":[{"embeddable":true,"href":"https:\/\/ticinoatavola.ch\/index.php\/wp-json\/wp\/v2\/comments?post=3777"}],"version-history":[{"count":0,"href":"https:\/\/ticinoatavola.ch\/index.php\/wp-json\/wp\/v2\/posts\/3777\/revisions"}],"wp:featuredmedia":[{"embeddable":true,"href":"https:\/\/ticinoatavola.ch\/index.php\/wp-json\/wp\/v2\/media\/5575"}],"wp:attachment":[{"href":"https:\/\/ticinoatavola.ch\/index.php\/wp-json\/wp\/v2\/media?parent=3777"}],"wp:term":[{"taxonomy":"category","embeddable":true,"href":"https:\/\/ticinoatavola.ch\/index.php\/wp-json\/wp\/v2\/categories?post=3777"},{"taxonomy":"post_tag","embeddable":true,"href":"https:\/\/ticinoatavola.ch\/index.php\/wp-json\/wp\/v2\/tags?post=3777"}],"curies":[{"name":"wp","href":"https:\/\/api.w.org\/{rel}","templated":true}]}}