{"id":2684,"date":"2020-08-10T15:17:44","date_gmt":"2020-08-10T14:17:44","guid":{"rendered":"https:\/\/ticinoatavola.ch\/?p=2684"},"modified":"2023-08-23T13:00:50","modified_gmt":"2023-08-23T12:00:50","slug":"ristorante-serta","status":"publish","type":"post","link":"https:\/\/ticinoatavola.ch\/index.php\/2020\/08\/10\/ristorante-serta\/","title":{"rendered":"Ristorante Serta"},"content":{"rendered":"<div class=\"wpb-content-wrapper\"><p>[vc_row][vc_column][vc_column_text el_class=&#8221;tedesco&#8221;]Il Ristorante Serta \u00e8 accogliente, curato in ogni dettaglio, con una bella terrazza riparata da una pergola. Dispone di ampio parcheggio e 8 camere con 20 posti letto. Al Ristorante Serta, la cucina attinge dalla filosofia mediterranea della Famiglia Braccia, con incursioni in altre realt\u00e0 gastronomiche, e un occhio di riguardo per le specialit\u00e0 ticinesi. Ottime le specialit\u00e0 alla griglia e la pizza cotta nel forno a legna. I piatti proposti valorizzano la stagionalit\u00e0 dei prodotti e le materie prime di ottima qualit\u00e0, cucinate sempre al momento.[\/vc_column_text][\/vc_column][\/vc_row][vc_row][vc_column][vc_separator color=&#8221;black&#8221; css=&#8221;.vc_custom_1597221678815{margin-top: 30px !important;margin-bottom: 60px !important;}&#8221;][\/vc_column][\/vc_row][vc_row][vc_column][vc_column_text el_class=&#8221;francese&#8221;]Das Ristorante Serta ist herzlich, einfach und gepflegt eingerichtet und verf\u00fcgt \u00fcber eine sch\u00f6ne Terrasse mit Pergola. Wir haben eine grosse Parkplatz und f\u00fcr wen will \u00fcbernachten, auch acht Zimmer mit 20 Betten vervollst\u00e4ndigen das Aufenthaltsangebot. Bei dem Ristorante Serta, die immer nette Familie Braccia serviert lokale und mediterrane K\u00fcche, nat\u00fcrlich mit Tessiner Geschmacksnoten. Die Grillspezialit\u00e4ten und Ofenpizzas sind herzlich zu empfehlen. Der lombardische K\u00fcchenchef Luciano Valsecchi verwendet saisonale Produkte von hoher Qualit\u00e4t, die immer frisch zubereitet werden.[\/vc_column_text][\/vc_column][\/vc_row][vc_row][vc_column][vc_separator color=&#8221;black&#8221; css=&#8221;.vc_custom_1597221678815{margin-top: 30px !important;margin-bottom: 60px !important;}&#8221;][\/vc_column][\/vc_row][vc_row][vc_column][vc_column_text el_class=&#8221;tedesco&#8221;]Le Ristorante Serta est accueillant, pas luxueux, mais soign\u00e9 dans chaque d\u00e9tail, avec une belle terrasse prot\u00e9g\u00e9e par une pergola. Nous avons \u00e0 disposition un grand parcage et aussi huit chambres \u00e0 20 places. Au Ristorante Serta, la cuisine est inspir\u00e9e \u00e0 la philosophie m\u00e9diterran\u00e9enne de la famille Braccia, avec des notes d\u2019autres r\u00e9alit\u00e9s gastronomiques, toujours avec attention pour les sp\u00e9cialit\u00e9s tessinoises. Excellentes les sp\u00e9cialit\u00e9s \u00e0 la grille et la pizza cuite dans le four \u00e0 bois. Le chef lombarde Luciano Valsecchi donne beaucoup d\u2019attention \u00e0 la saisonnalit\u00e9 des produits et sur des mati\u00e8res premi\u00e8res de qualit\u00e9 excellente, toujours cuisin\u00e9es au moment.[\/vc_column_text][\/vc_column][\/vc_row][vc_row][vc_column][vc_separator color=&#8221;black&#8221; css=&#8221;.vc_custom_1597221678815{margin-top: 30px !important;margin-bottom: 60px !important;}&#8221;][\/vc_column][\/vc_row][vc_row][vc_column][vc_column_text el_class=&#8221;francese&#8221;]The Ristorante Serta is very welcoming, not luxurious, but taken care in every detail, with a beautiful terrace under a pergola. We have at disposal a big parking place and also eight bedrooms with 20 places. At the Ristorante Serta, the cuisine is inspired by the Mediterranean philosophy of family Braccia, with notes from other gastronomic realities, always focusing attention on local specialties. Excellent grilled specialties and pizza cooked in the wood-fired oven. Italian chef Luciano Valsecchi gives particular attention to seasonality of products and to high quality raw materials, always cooked at the moment.[\/vc_column_text][\/vc_column][\/vc_row][vc_row][vc_column][vc_gmaps link=&#8221;#E-8_JTNDaWZyYW1lJTIwc3JjJTNEJTIyaHR0cHMlM0ElMkYlMkZ3d3cuZ29vZ2xlLmNvbSUyRm1hcHMlMkZlbWJlZCUzRnBiJTNEJTIxMW0xNCUyMTFtOCUyMTFtMyUyMTFkMTEwNzYuMzMwNTMyNTY4NTQ3JTIxMmQ4LjkyNzQ1JTIxM2Q0Ni4wNDk0NSUyMTNtMiUyMTFpMTAyNCUyMTJpNzY4JTIxNGYxMy4xJTIxM20zJTIxMW0yJTIxMXMweDAlMjUzQTB4ZDk3NGE0NTNlZmVmZGYxZiUyMTJzUmlzdG9yYW50ZSUyNTIwR3JvdHRvJTI1MjBTZXJ0YSUyMTVlMCUyMTNtMiUyMTFzaXQlMjEyc2NoJTIxNHYxNTk3MDY4OTI5MTE4JTIxNW0yJTIxMXNpdCUyMTJzY2glMjIlMjB3aWR0aCUzRCUyMjYwMCUyMiUyMGhlaWdodCUzRCUyMjQ1MCUyMiUyMGZyYW1lYm9yZGVyJTNEJTIyMCUyMiUyMHN0eWxlJTNEJTIyYm9yZGVyJTNBMCUzQiUyMiUyMGFsbG93ZnVsbHNjcmVlbiUzRCUyMiUyMiUyMGFyaWEtaGlkZGVuJTNEJTIyZmFsc2UlMjIlMjB0YWJpbmRleCUzRCUyMjAlMjIlM0UlM0MlMkZpZnJhbWUlM0U=&#8221;][\/vc_column][\/vc_row][vc_row][vc_column][vc_column_text]Via Serta 6<br \/>\n6814 Lamone<br \/>\n<a href=\"http:\/\/www.serta.ch\/\">serta.ch<\/a><br \/>\n<a href=\"tel:+41919450235\">+41919450235<\/a><br \/>\n<a href=\"mailto:info@serta.ch\">info@serta.ch<\/a>[\/vc_column_text][\/vc_column][\/vc_row]<\/p>\n<\/div>","protected":false},"excerpt":{"rendered":"<p>[vc_row][vc_column][vc_column_text el_class=&#8221;tedesco&#8221;]Il Ristorante Serta \u00e8 accogliente, curato in ogni dettaglio, con una bella terrazza riparata da una pergola. Dispone di ampio parcheggio e 8 camere con 20 posti letto. Al Ristorante Serta, la cucina attinge dalla filosofia mediterranea della Famiglia&#8230;<\/p>\n","protected":false},"author":1,"featured_media":4760,"comment_status":"closed","ping_status":"closed","sticky":false,"template":"","format":"gallery","meta":{"inline_featured_image":false,"footnotes":""},"categories":[3,7,34],"tags":[51],"class_list":{"0":"post-2684","1":"post","2":"type-post","3":"status-publish","4":"format-gallery","5":"has-post-thumbnail","7":"category-fatto-in-casa","8":"category-luganese-e-valli","9":"category-ticino-a-tavola","10":"tag-ristoranti","11":"post_format-post-format-gallery"},"_links":{"self":[{"href":"https:\/\/ticinoatavola.ch\/index.php\/wp-json\/wp\/v2\/posts\/2684","targetHints":{"allow":["GET"]}}],"collection":[{"href":"https:\/\/ticinoatavola.ch\/index.php\/wp-json\/wp\/v2\/posts"}],"about":[{"href":"https:\/\/ticinoatavola.ch\/index.php\/wp-json\/wp\/v2\/types\/post"}],"author":[{"embeddable":true,"href":"https:\/\/ticinoatavola.ch\/index.php\/wp-json\/wp\/v2\/users\/1"}],"replies":[{"embeddable":true,"href":"https:\/\/ticinoatavola.ch\/index.php\/wp-json\/wp\/v2\/comments?post=2684"}],"version-history":[{"count":0,"href":"https:\/\/ticinoatavola.ch\/index.php\/wp-json\/wp\/v2\/posts\/2684\/revisions"}],"wp:featuredmedia":[{"embeddable":true,"href":"https:\/\/ticinoatavola.ch\/index.php\/wp-json\/wp\/v2\/media\/4760"}],"wp:attachment":[{"href":"https:\/\/ticinoatavola.ch\/index.php\/wp-json\/wp\/v2\/media?parent=2684"}],"wp:term":[{"taxonomy":"category","embeddable":true,"href":"https:\/\/ticinoatavola.ch\/index.php\/wp-json\/wp\/v2\/categories?post=2684"},{"taxonomy":"post_tag","embeddable":true,"href":"https:\/\/ticinoatavola.ch\/index.php\/wp-json\/wp\/v2\/tags?post=2684"}],"curies":[{"name":"wp","href":"https:\/\/api.w.org\/{rel}","templated":true}]}}